{"id":1002,"date":"2023-02-17T13:58:26","date_gmt":"2023-02-17T12:58:26","guid":{"rendered":"https:\/\/www.ecoledelapaix.org\/wordpress\/?p=1002"},"modified":"2023-03-10T13:00:31","modified_gmt":"2023-03-10T12:00:31","slug":"declaration-de-lecole-de-la-paix","status":"publish","type":"post","link":"https:\/\/www.ecoledelapaix.org\/wordpress\/2023\/02\/17\/declaration-de-lecole-de-la-paix\/","title":{"rendered":"D\u00e9claration de l&rsquo;Ecole de la paix"},"content":{"rendered":"\n<figure class=\"wp-block-pullquote has-small-font-size\"><blockquote><p><strong><mark style=\"background-color:rgba(0, 0, 0, 0)\" class=\"has-inline-color has-white-color\">L\u2019Ecole de la paix, une d\u00e9marche d\u2019actualit\u00e9 et d\u2019avenir<\/mark><\/strong><\/p><\/blockquote><\/figure>\n\n\n\n<p>Dans un contexte mondial de menaces climatiques, sanitaires, \u00e9conomiques, etc, mettant en p\u00e9ril les acquis humains et sociaux, la question de la paix se pose aujourd\u2019hui avec acuit\u00e9. La r\u00e9volte et la violence sont des formes de r\u00e9ponse qui s\u2019amplifient. Les ressentiments et peurs individuels et collectifs nourrissent le conspirationnisme et de nouveaux pouvoirs autoritaires.<\/p>\n\n\n\n<p>L\u2019humanit\u00e9 est confront\u00e9e \u00e0 un d\u00e9fi majeur, et la Paix demeure une grande id\u00e9e \u00e0 revendiquer. Elle n\u2019est pas seulement l\u2019absence de guerre, mais un objectif \u00e0 atteindre pour le bien-\u00eatre de tous et le bien vivre ensemble, \u00e0 l\u2019\u00e9chelle plan\u00e9taire.<\/p>\n\n\n\n<p>Cr\u00e9\u00e9e en 1998, l\u2019Ecole de la paix (EDP) r\u00e9affirme aujourd\u2019hui sa mission d\u2019\u00e9ducation \u00e0 la paix et \u00e0 la citoyennet\u00e9, aupr\u00e8s des jeunes et des adultes, de la maternelle \u00e0 l\u2019universit\u00e9, du local \u00e0 l\u2019international, pour la construction d\u2019un avenir commun pacifi\u00e9.<\/p>\n\n\n\n<p><strong><mark style=\"background-color:rgba(0, 0, 0, 0)\" class=\"has-inline-color has-luminous-vivid-orange-color\">&gt; Une \u00e9ducation citoyenne et solidaire<\/mark><\/strong><\/p>\n\n\n\n<p>Apr\u00e8s plus de 20 ans d\u2019exp\u00e9rience dans la promotion d\u2019une culture de la paix fond\u00e9e sur&nbsp;le refus de la violence, le respect d\u2019autrui et de la diff\u00e9rence, l\u2019\u00e9galit\u00e9 femmes\/hommes et le d\u00e9veloppement solidaire, elle souligne plus que jamais l\u2019urgence de prendre soin des autres et de la plan\u00e8te.<\/p>\n\n\n\n<p>Elle se veut un espace&nbsp;de :<\/p>\n\n\n\n<ul class=\"wp-block-list\">\n<li>rencontre et dialogue<\/li>\n\n\n\n<li>\u00e9ducation et formation<\/li>\n<\/ul>\n\n\n\n<div class=\"wp-block-columns is-layout-flex wp-container-core-columns-is-layout-28f84493 wp-block-columns-is-layout-flex\">\n<div class=\"wp-block-column is-layout-flow wp-block-column-is-layout-flow\" style=\"flex-basis:66.66%\">\n<p><strong><mark style=\"background-color:rgba(0, 0, 0, 0)\" class=\"has-inline-color has-luminous-vivid-orange-color\">&gt; Des outils p\u00e9dagogiques adapt\u00e9s<\/mark><\/strong><\/p>\n\n\n\n<p>L\u2019EDP s\u2019appuie sur la d\u00e9marche d<a href=\"https:\/\/www.afd.fr\/fr\/page-thematique-axe\/education-la-citoyennete-et-la-solidarite-internationale\">\u2019\u00c9ducation \u00e0 la Citoyennet\u00e9 et \u00e0 la Solidarit\u00e9 Internationale<\/a> (ECSI). Adoptant une p\u00e9dagogie participative, elle contribue \u00e0 la cr\u00e9ation d\u2019un savoir commun, fait r\u00e9fl\u00e9chir et donne envie d\u2019agir ensemble pour un monde plus paisible, plus juste et plus durable.<\/p>\n\n\n\n<p>L\u2019EDP utilise des outils con\u00e7us et r\u00e9alis\u00e9s en son sein par des enseignants et des psychologues, en s\u2019appuyant sur des m\u00e9thodes actives issues de l\u2019\u00e9ducation populaire.<\/p>\n\n\n\n<p><strong>Des actions, du local \u00e0 l\u2019international<\/strong><\/p>\n\n\n\n<p>L\u2019EDP agit \u00e0 l\u2019\u00e9chelle locale, nationale ou internationale.<\/p>\n\n\n\n<p>L\u2019EDP a des actions au S\u00e9n\u00e9gal, en Colombie.<\/p>\n\n\n\n<p>La solidarit\u00e9 internationale est un axe commun aux associations regroup\u00e9es \u00e0 Grenoble au sein du P\u00f4le de Solidarit\u00e9 Internationale (PSI) soutenu par la municipalit\u00e9. Elles agissent sur la sant\u00e9, l\u2019\u00e9ducation, le tourisme responsable, la d\u00e9mocratie et la citoyennet\u00e9, avec l\u2019appui de l\u2019AFD.<\/p>\n\n\n\n<p>Les <a href=\"http:\/\/Objectifs de D\u00e9veloppement Durable de l\u2019ONU (https:\/\/www.afd.fr\/fr\/les-objectifs-de-developpement-durable\">Objectifs de D\u00e9veloppement Durable de l\u2019ONU<\/a> sont int\u00e9gr\u00e9s dans les actions de l\u2019EDP de lutte contre la pauvret\u00e9, les in\u00e9galit\u00e9s et les injustices sociales.<\/p>\n<\/div>\n\n\n\n<div class=\"wp-block-column is-layout-flow wp-block-column-is-layout-flow\" style=\"flex-basis:33.33%\">\n<figure class=\"wp-block-image size-large\"><img decoding=\"async\" width=\"768\" height=\"1024\" data-src=\"https:\/\/www.ecoledelapaix.org\/wordpress\/wp-content\/uploads\/2023\/02\/Ados-dessinent-oiseau-768x1024.jpg\" alt=\"\" class=\"wp-image-952 lazyload\" src=\"data:image\/svg+xml;base64,PHN2ZyB3aWR0aD0iMSIgaGVpZ2h0PSIxIiB4bWxucz0iaHR0cDovL3d3dy53My5vcmcvMjAwMC9zdmciPjwvc3ZnPg==\" style=\"--smush-placeholder-width: 768px; --smush-placeholder-aspect-ratio: 768\/1024;\" \/><\/figure>\n<\/div>\n<\/div>\n\n\n\n<p>L\u2019EDP b\u00e9n\u00e9ficie d\u2019une accr\u00e9ditation renouvel\u00e9e aupr\u00e8s de l\u2019<a href=\"https:\/\/www.unesco.org\/fr\/aspnet\">UNESCO<\/a> pour son action en faveur de la culture de paix.<\/p>\n\n\n\n<p><\/p>\n\n\n\n<p><mark style=\"background-color:rgba(0, 0, 0, 0)\" class=\"has-inline-color has-luminous-vivid-orange-color\"><strong>><\/strong> <strong>L\u2019Edp agit autour de 2 axes\u00a0<\/strong><\/mark><\/p>\n\n\n\n<ol class=\"wp-block-list\" type=\"1\">\n<li><strong>Education &#8211; Formation<\/strong><\/li>\n<\/ol>\n\n\n\n<p>Les probl\u00e8mes de violence se sont diversifi\u00e9s et complexifi\u00e9s. Les crises se multiplient, et se superposent. C\u2019est pourquoi l\u2019Edp r\u00e9pond aux nouvelles probl\u00e9matiques en travaillant au plus pr\u00e8s des pr\u00e9occupations des jeunes et des groupes sociaux en souffrance, et des besoins des \u00e9ducateurs.rices ou d\u2019autres acteurs de terrain, dans une d\u00e9marche de co\u00e9ducation.<\/p>\n\n\n\n<p>Les jeunes, en particulier, sont \u00e9galement invit\u00e9s \u00e0 utiliser diff\u00e9rents langages artistiques comme expression universelle des \u00e9motions et des id\u00e9es, conjuguant ainsi l\u2019art et la paix.<\/p>\n\n\n\n<ul class=\"wp-block-list\">\n<li>Elle propose des espace-temps d\u2019\u00e9changes, de r\u00e9flexion sur le r\u00f4le d\u2019\u00e9ducateur ou d\u2019\u00e9ducatrice, et de sensibilisation \u00e0 la communication non violente aux professionnels de l\u2019\u00e9ducation&nbsp;<\/li>\n<\/ul>\n\n\n\n<ul class=\"wp-block-list\">\n<li>M\u00e9diation<\/li>\n<\/ul>\n\n\n\n<p>Par sa volont\u00e9 de cr\u00e9er un r\u00e9seau d\u2019\u00e9coles de la paix, l\u2019Edp se positionne comme une plate-forme de r\u00e9flexion, \u00e9change et diffusion des id\u00e9es.<\/p>\n\n\n\n<ul class=\"wp-block-list\">\n<li>Elle conduit et soutient des actions de terrain avec diff\u00e9rents praticiens.<\/li>\n\n\n\n<li>Elle propose des conf\u00e9rences et des d\u00e9bats, sur des th\u00e9matiques li\u00e9es \u00e0 la Citoyennet\u00e9, \u00e0 la D\u00e9mocratie et aux Droits de l\u2019Homme.&nbsp;<\/li>\n\n\n\n<li>Elle intervient aupr\u00e8s des universit\u00e9s, pour l\u2019analyse des aspects g\u00e9opolitiques des crises, des conflits et des situations post-crise, et pour la sensibilisation aux conditions n\u00e9cessaires \u00e0 la paix.<\/li>\n<\/ul>\n","protected":false},"excerpt":{"rendered":"<p>L\u2019Ecole de la paix, une d\u00e9marche d\u2019actualit\u00e9 et d\u2019avenir Dans un contexte mondial de menaces climatiques, sanitaires, \u00e9conomiques, etc, mettant<\/p>\n","protected":false},"author":4,"featured_media":281,"comment_status":"open","ping_status":"open","sticky":true,"template":"","format":"standard","meta":{"footnotes":""},"categories":[108],"tags":[26,130,136,25],"class_list":["post-1002","post","type-post","status-publish","format-standard","has-post-thumbnail","hentry","category-culture-paix-opinion-articles","tag-articles","tag-culture-de-paix","tag-lettre","tag-richard-petris"],"yoast_head":"<!-- This site is optimized with the Yoast SEO plugin v26.3 - https:\/\/yoast.com\/wordpress\/plugins\/seo\/ -->\n<title>D\u00e9claration de l&#039;Ecole de la paix - Ensemble,<\/title>\n<meta name=\"description\" content=\"raison d&#039;\u00eatre de l&#039;\u00e9cole de la paix vivre ensemble \u00e9ducation formation\" \/>\n<meta name=\"robots\" content=\"index, follow, max-snippet:-1, max-image-preview:large, max-video-preview:-1\" \/>\n<link rel=\"canonical\" href=\"https:\/\/www.ecoledelapaix.org\/wordpress\/2023\/02\/17\/declaration-de-lecole-de-la-paix\/\" \/>\n<meta property=\"og:locale\" content=\"fr_FR\" \/>\n<meta property=\"og:type\" content=\"article\" \/>\n<meta property=\"og:title\" content=\"D\u00e9claration de l&#039;Ecole de la paix - Ensemble,\" \/>\n<meta property=\"og:description\" content=\"raison d&#039;\u00eatre de l&#039;\u00e9cole de la paix vivre ensemble \u00e9ducation formation\" \/>\n<meta property=\"og:url\" content=\"https:\/\/www.ecoledelapaix.org\/wordpress\/2023\/02\/17\/declaration-de-lecole-de-la-paix\/\" \/>\n<meta property=\"og:site_name\" content=\"Ensemble,\" \/>\n<meta property=\"article:published_time\" content=\"2023-02-17T12:58:26+00:00\" \/>\n<meta property=\"article:modified_time\" content=\"2023-03-10T12:00:31+00:00\" \/>\n<meta property=\"og:image\" content=\"https:\/\/www.ecoledelapaix.org\/wordpress\/wp-content\/uploads\/2022\/01\/pexels-photo-3055302-e1677490617179.jpg\" \/>\n\t<meta property=\"og:image:width\" content=\"150\" \/>\n\t<meta property=\"og:image:height\" content=\"118\" \/>\n\t<meta property=\"og:image:type\" content=\"image\/jpeg\" \/>\n<meta name=\"author\" content=\"Martine Plisson\" \/>\n<meta name=\"twitter:card\" content=\"summary_large_image\" \/>\n<meta name=\"twitter:label1\" content=\"\u00c9crit par\" \/>\n\t<meta name=\"twitter:data1\" content=\"Martine Plisson\" \/>\n\t<meta name=\"twitter:label2\" content=\"Dur\u00e9e de lecture estim\u00e9e\" \/>\n\t<meta name=\"twitter:data2\" content=\"4 minutes\" \/>\n<script type=\"application\/ld+json\" class=\"yoast-schema-graph\">{\"@context\":\"https:\/\/schema.org\",\"@graph\":[{\"@type\":\"Article\",\"@id\":\"https:\/\/www.ecoledelapaix.org\/wordpress\/2023\/02\/17\/declaration-de-lecole-de-la-paix\/#article\",\"isPartOf\":{\"@id\":\"https:\/\/www.ecoledelapaix.org\/wordpress\/2023\/02\/17\/declaration-de-lecole-de-la-paix\/\"},\"author\":{\"name\":\"Martine Plisson\",\"@id\":\"https:\/\/www.ecoledelapaix.org\/wordpress\/#\/schema\/person\/6ef9bf5b91ce3fe5bc596125bb2f3e4f\"},\"headline\":\"D\u00e9claration de l&rsquo;Ecole de la paix\",\"datePublished\":\"2023-02-17T12:58:26+00:00\",\"dateModified\":\"2023-03-10T12:00:31+00:00\",\"mainEntityOfPage\":{\"@id\":\"https:\/\/www.ecoledelapaix.org\/wordpress\/2023\/02\/17\/declaration-de-lecole-de-la-paix\/\"},\"wordCount\":712,\"commentCount\":0,\"publisher\":{\"@id\":\"https:\/\/www.ecoledelapaix.org\/wordpress\/#organization\"},\"image\":{\"@id\":\"https:\/\/www.ecoledelapaix.org\/wordpress\/2023\/02\/17\/declaration-de-lecole-de-la-paix\/#primaryimage\"},\"thumbnailUrl\":\"https:\/\/www.ecoledelapaix.org\/wordpress\/wp-content\/uploads\/2022\/01\/pexels-photo-3055302-e1677490617179.jpg\",\"keywords\":[\"Articles\",\"Culture de Paix\",\"Lettre\",\"Richard P\u00e9tris\"],\"articleSection\":[\"Culture de Paix\"],\"inLanguage\":\"fr-FR\",\"potentialAction\":[{\"@type\":\"CommentAction\",\"name\":\"Comment\",\"target\":[\"https:\/\/www.ecoledelapaix.org\/wordpress\/2023\/02\/17\/declaration-de-lecole-de-la-paix\/#respond\"]}]},{\"@type\":\"WebPage\",\"@id\":\"https:\/\/www.ecoledelapaix.org\/wordpress\/2023\/02\/17\/declaration-de-lecole-de-la-paix\/\",\"url\":\"https:\/\/www.ecoledelapaix.org\/wordpress\/2023\/02\/17\/declaration-de-lecole-de-la-paix\/\",\"name\":\"D\u00e9claration de l'Ecole de la paix - Ensemble,\",\"isPartOf\":{\"@id\":\"https:\/\/www.ecoledelapaix.org\/wordpress\/#website\"},\"primaryImageOfPage\":{\"@id\":\"https:\/\/www.ecoledelapaix.org\/wordpress\/2023\/02\/17\/declaration-de-lecole-de-la-paix\/#primaryimage\"},\"image\":{\"@id\":\"https:\/\/www.ecoledelapaix.org\/wordpress\/2023\/02\/17\/declaration-de-lecole-de-la-paix\/#primaryimage\"},\"thumbnailUrl\":\"https:\/\/www.ecoledelapaix.org\/wordpress\/wp-content\/uploads\/2022\/01\/pexels-photo-3055302-e1677490617179.jpg\",\"datePublished\":\"2023-02-17T12:58:26+00:00\",\"dateModified\":\"2023-03-10T12:00:31+00:00\",\"description\":\"raison d'\u00eatre de l'\u00e9cole de la paix vivre ensemble \u00e9ducation formation\",\"breadcrumb\":{\"@id\":\"https:\/\/www.ecoledelapaix.org\/wordpress\/2023\/02\/17\/declaration-de-lecole-de-la-paix\/#breadcrumb\"},\"inLanguage\":\"fr-FR\",\"potentialAction\":[{\"@type\":\"ReadAction\",\"target\":[\"https:\/\/www.ecoledelapaix.org\/wordpress\/2023\/02\/17\/declaration-de-lecole-de-la-paix\/\"]}]},{\"@type\":\"ImageObject\",\"inLanguage\":\"fr-FR\",\"@id\":\"https:\/\/www.ecoledelapaix.org\/wordpress\/2023\/02\/17\/declaration-de-lecole-de-la-paix\/#primaryimage\",\"url\":\"https:\/\/www.ecoledelapaix.org\/wordpress\/wp-content\/uploads\/2022\/01\/pexels-photo-3055302-e1677490617179.jpg\",\"contentUrl\":\"https:\/\/www.ecoledelapaix.org\/wordpress\/wp-content\/uploads\/2022\/01\/pexels-photo-3055302-e1677490617179.jpg\",\"width\":150,\"height\":118},{\"@type\":\"BreadcrumbList\",\"@id\":\"https:\/\/www.ecoledelapaix.org\/wordpress\/2023\/02\/17\/declaration-de-lecole-de-la-paix\/#breadcrumb\",\"itemListElement\":[{\"@type\":\"ListItem\",\"position\":1,\"name\":\"Accueil\",\"item\":\"http:\/\/www.ecoledelapaix.org\/wordpress\/\"},{\"@type\":\"ListItem\",\"position\":2,\"name\":\"D\u00e9claration de l&rsquo;Ecole de la paix\"}]},{\"@type\":\"WebSite\",\"@id\":\"https:\/\/www.ecoledelapaix.org\/wordpress\/#website\",\"url\":\"https:\/\/www.ecoledelapaix.org\/wordpress\/\",\"name\":\"Ensemble,\",\"description\":\"agissons pour la paix par l&#039;\u00e9ducation\",\"publisher\":{\"@id\":\"https:\/\/www.ecoledelapaix.org\/wordpress\/#organization\"},\"potentialAction\":[{\"@type\":\"SearchAction\",\"target\":{\"@type\":\"EntryPoint\",\"urlTemplate\":\"https:\/\/www.ecoledelapaix.org\/wordpress\/?s={search_term_string}\"},\"query-input\":{\"@type\":\"PropertyValueSpecification\",\"valueRequired\":true,\"valueName\":\"search_term_string\"}}],\"inLanguage\":\"fr-FR\"},{\"@type\":\"Organization\",\"@id\":\"https:\/\/www.ecoledelapaix.org\/wordpress\/#organization\",\"name\":\"\u00c9cole de la paix\",\"url\":\"https:\/\/www.ecoledelapaix.org\/wordpress\/\",\"logo\":{\"@type\":\"ImageObject\",\"inLanguage\":\"fr-FR\",\"@id\":\"https:\/\/www.ecoledelapaix.org\/wordpress\/#\/schema\/logo\/image\/\",\"url\":\"https:\/\/www.ecoledelapaix.org\/wordpress\/wp-content\/uploads\/2022\/01\/cropped-LOGO.png\",\"contentUrl\":\"https:\/\/www.ecoledelapaix.org\/wordpress\/wp-content\/uploads\/2022\/01\/cropped-LOGO.png\",\"width\":200,\"height\":85,\"caption\":\"\u00c9cole de la paix\"},\"image\":{\"@id\":\"https:\/\/www.ecoledelapaix.org\/wordpress\/#\/schema\/logo\/image\/\"}},{\"@type\":\"Person\",\"@id\":\"https:\/\/www.ecoledelapaix.org\/wordpress\/#\/schema\/person\/6ef9bf5b91ce3fe5bc596125bb2f3e4f\",\"name\":\"Martine Plisson\",\"image\":{\"@type\":\"ImageObject\",\"inLanguage\":\"fr-FR\",\"@id\":\"https:\/\/www.ecoledelapaix.org\/wordpress\/#\/schema\/person\/image\/\",\"url\":\"https:\/\/secure.gravatar.com\/avatar\/975997bde2f88be4af1823b3335ebb34cc5d734f7779d5a7b197b41fb91b1cec?s=96&d=mm&r=g\",\"contentUrl\":\"https:\/\/secure.gravatar.com\/avatar\/975997bde2f88be4af1823b3335ebb34cc5d734f7779d5a7b197b41fb91b1cec?s=96&d=mm&r=g\",\"caption\":\"Martine Plisson\"},\"url\":\"https:\/\/www.ecoledelapaix.org\/wordpress\/author\/martinep\/\"}]}<\/script>\n<!-- \/ Yoast SEO plugin. -->","yoast_head_json":{"title":"D\u00e9claration de l'Ecole de la paix - Ensemble,","description":"raison d'\u00eatre de l'\u00e9cole de la paix vivre ensemble \u00e9ducation formation","robots":{"index":"index","follow":"follow","max-snippet":"max-snippet:-1","max-image-preview":"max-image-preview:large","max-video-preview":"max-video-preview:-1"},"canonical":"https:\/\/www.ecoledelapaix.org\/wordpress\/2023\/02\/17\/declaration-de-lecole-de-la-paix\/","og_locale":"fr_FR","og_type":"article","og_title":"D\u00e9claration de l'Ecole de la paix - Ensemble,","og_description":"raison d'\u00eatre de l'\u00e9cole de la paix vivre ensemble \u00e9ducation formation","og_url":"https:\/\/www.ecoledelapaix.org\/wordpress\/2023\/02\/17\/declaration-de-lecole-de-la-paix\/","og_site_name":"Ensemble,","article_published_time":"2023-02-17T12:58:26+00:00","article_modified_time":"2023-03-10T12:00:31+00:00","og_image":[{"width":150,"height":118,"url":"https:\/\/www.ecoledelapaix.org\/wordpress\/wp-content\/uploads\/2022\/01\/pexels-photo-3055302-e1677490617179.jpg","type":"image\/jpeg"}],"author":"Martine Plisson","twitter_card":"summary_large_image","twitter_misc":{"\u00c9crit par":"Martine Plisson","Dur\u00e9e de lecture estim\u00e9e":"4 minutes"},"schema":{"@context":"https:\/\/schema.org","@graph":[{"@type":"Article","@id":"https:\/\/www.ecoledelapaix.org\/wordpress\/2023\/02\/17\/declaration-de-lecole-de-la-paix\/#article","isPartOf":{"@id":"https:\/\/www.ecoledelapaix.org\/wordpress\/2023\/02\/17\/declaration-de-lecole-de-la-paix\/"},"author":{"name":"Martine Plisson","@id":"https:\/\/www.ecoledelapaix.org\/wordpress\/#\/schema\/person\/6ef9bf5b91ce3fe5bc596125bb2f3e4f"},"headline":"D\u00e9claration de l&rsquo;Ecole de la paix","datePublished":"2023-02-17T12:58:26+00:00","dateModified":"2023-03-10T12:00:31+00:00","mainEntityOfPage":{"@id":"https:\/\/www.ecoledelapaix.org\/wordpress\/2023\/02\/17\/declaration-de-lecole-de-la-paix\/"},"wordCount":712,"commentCount":0,"publisher":{"@id":"https:\/\/www.ecoledelapaix.org\/wordpress\/#organization"},"image":{"@id":"https:\/\/www.ecoledelapaix.org\/wordpress\/2023\/02\/17\/declaration-de-lecole-de-la-paix\/#primaryimage"},"thumbnailUrl":"https:\/\/www.ecoledelapaix.org\/wordpress\/wp-content\/uploads\/2022\/01\/pexels-photo-3055302-e1677490617179.jpg","keywords":["Articles","Culture de Paix","Lettre","Richard P\u00e9tris"],"articleSection":["Culture de Paix"],"inLanguage":"fr-FR","potentialAction":[{"@type":"CommentAction","name":"Comment","target":["https:\/\/www.ecoledelapaix.org\/wordpress\/2023\/02\/17\/declaration-de-lecole-de-la-paix\/#respond"]}]},{"@type":"WebPage","@id":"https:\/\/www.ecoledelapaix.org\/wordpress\/2023\/02\/17\/declaration-de-lecole-de-la-paix\/","url":"https:\/\/www.ecoledelapaix.org\/wordpress\/2023\/02\/17\/declaration-de-lecole-de-la-paix\/","name":"D\u00e9claration de l'Ecole de la paix - Ensemble,","isPartOf":{"@id":"https:\/\/www.ecoledelapaix.org\/wordpress\/#website"},"primaryImageOfPage":{"@id":"https:\/\/www.ecoledelapaix.org\/wordpress\/2023\/02\/17\/declaration-de-lecole-de-la-paix\/#primaryimage"},"image":{"@id":"https:\/\/www.ecoledelapaix.org\/wordpress\/2023\/02\/17\/declaration-de-lecole-de-la-paix\/#primaryimage"},"thumbnailUrl":"https:\/\/www.ecoledelapaix.org\/wordpress\/wp-content\/uploads\/2022\/01\/pexels-photo-3055302-e1677490617179.jpg","datePublished":"2023-02-17T12:58:26+00:00","dateModified":"2023-03-10T12:00:31+00:00","description":"raison d'\u00eatre de l'\u00e9cole de la paix vivre ensemble \u00e9ducation formation","breadcrumb":{"@id":"https:\/\/www.ecoledelapaix.org\/wordpress\/2023\/02\/17\/declaration-de-lecole-de-la-paix\/#breadcrumb"},"inLanguage":"fr-FR","potentialAction":[{"@type":"ReadAction","target":["https:\/\/www.ecoledelapaix.org\/wordpress\/2023\/02\/17\/declaration-de-lecole-de-la-paix\/"]}]},{"@type":"ImageObject","inLanguage":"fr-FR","@id":"https:\/\/www.ecoledelapaix.org\/wordpress\/2023\/02\/17\/declaration-de-lecole-de-la-paix\/#primaryimage","url":"https:\/\/www.ecoledelapaix.org\/wordpress\/wp-content\/uploads\/2022\/01\/pexels-photo-3055302-e1677490617179.jpg","contentUrl":"https:\/\/www.ecoledelapaix.org\/wordpress\/wp-content\/uploads\/2022\/01\/pexels-photo-3055302-e1677490617179.jpg","width":150,"height":118},{"@type":"BreadcrumbList","@id":"https:\/\/www.ecoledelapaix.org\/wordpress\/2023\/02\/17\/declaration-de-lecole-de-la-paix\/#breadcrumb","itemListElement":[{"@type":"ListItem","position":1,"name":"Accueil","item":"http:\/\/www.ecoledelapaix.org\/wordpress\/"},{"@type":"ListItem","position":2,"name":"D\u00e9claration de l&rsquo;Ecole de la paix"}]},{"@type":"WebSite","@id":"https:\/\/www.ecoledelapaix.org\/wordpress\/#website","url":"https:\/\/www.ecoledelapaix.org\/wordpress\/","name":"Ensemble,","description":"agissons pour la paix par l&#039;\u00e9ducation","publisher":{"@id":"https:\/\/www.ecoledelapaix.org\/wordpress\/#organization"},"potentialAction":[{"@type":"SearchAction","target":{"@type":"EntryPoint","urlTemplate":"https:\/\/www.ecoledelapaix.org\/wordpress\/?s={search_term_string}"},"query-input":{"@type":"PropertyValueSpecification","valueRequired":true,"valueName":"search_term_string"}}],"inLanguage":"fr-FR"},{"@type":"Organization","@id":"https:\/\/www.ecoledelapaix.org\/wordpress\/#organization","name":"\u00c9cole de la paix","url":"https:\/\/www.ecoledelapaix.org\/wordpress\/","logo":{"@type":"ImageObject","inLanguage":"fr-FR","@id":"https:\/\/www.ecoledelapaix.org\/wordpress\/#\/schema\/logo\/image\/","url":"https:\/\/www.ecoledelapaix.org\/wordpress\/wp-content\/uploads\/2022\/01\/cropped-LOGO.png","contentUrl":"https:\/\/www.ecoledelapaix.org\/wordpress\/wp-content\/uploads\/2022\/01\/cropped-LOGO.png","width":200,"height":85,"caption":"\u00c9cole de la paix"},"image":{"@id":"https:\/\/www.ecoledelapaix.org\/wordpress\/#\/schema\/logo\/image\/"}},{"@type":"Person","@id":"https:\/\/www.ecoledelapaix.org\/wordpress\/#\/schema\/person\/6ef9bf5b91ce3fe5bc596125bb2f3e4f","name":"Martine Plisson","image":{"@type":"ImageObject","inLanguage":"fr-FR","@id":"https:\/\/www.ecoledelapaix.org\/wordpress\/#\/schema\/person\/image\/","url":"https:\/\/secure.gravatar.com\/avatar\/975997bde2f88be4af1823b3335ebb34cc5d734f7779d5a7b197b41fb91b1cec?s=96&d=mm&r=g","contentUrl":"https:\/\/secure.gravatar.com\/avatar\/975997bde2f88be4af1823b3335ebb34cc5d734f7779d5a7b197b41fb91b1cec?s=96&d=mm&r=g","caption":"Martine Plisson"},"url":"https:\/\/www.ecoledelapaix.org\/wordpress\/author\/martinep\/"}]}},"_links":{"self":[{"href":"https:\/\/www.ecoledelapaix.org\/wordpress\/wp-json\/wp\/v2\/posts\/1002","targetHints":{"allow":["GET"]}}],"collection":[{"href":"https:\/\/www.ecoledelapaix.org\/wordpress\/wp-json\/wp\/v2\/posts"}],"about":[{"href":"https:\/\/www.ecoledelapaix.org\/wordpress\/wp-json\/wp\/v2\/types\/post"}],"author":[{"embeddable":true,"href":"https:\/\/www.ecoledelapaix.org\/wordpress\/wp-json\/wp\/v2\/users\/4"}],"replies":[{"embeddable":true,"href":"https:\/\/www.ecoledelapaix.org\/wordpress\/wp-json\/wp\/v2\/comments?post=1002"}],"version-history":[{"count":5,"href":"https:\/\/www.ecoledelapaix.org\/wordpress\/wp-json\/wp\/v2\/posts\/1002\/revisions"}],"predecessor-version":[{"id":1216,"href":"https:\/\/www.ecoledelapaix.org\/wordpress\/wp-json\/wp\/v2\/posts\/1002\/revisions\/1216"}],"wp:featuredmedia":[{"embeddable":true,"href":"https:\/\/www.ecoledelapaix.org\/wordpress\/wp-json\/wp\/v2\/media\/281"}],"wp:attachment":[{"href":"https:\/\/www.ecoledelapaix.org\/wordpress\/wp-json\/wp\/v2\/media?parent=1002"}],"wp:term":[{"taxonomy":"category","embeddable":true,"href":"https:\/\/www.ecoledelapaix.org\/wordpress\/wp-json\/wp\/v2\/categories?post=1002"},{"taxonomy":"post_tag","embeddable":true,"href":"https:\/\/www.ecoledelapaix.org\/wordpress\/wp-json\/wp\/v2\/tags?post=1002"}],"curies":[{"name":"wp","href":"https:\/\/api.w.org\/{rel}","templated":true}]}}