{"id":1267,"date":"2023-05-18T23:15:07","date_gmt":"2023-05-18T21:15:07","guid":{"rendered":"https:\/\/www.ecoledelapaix.org\/wordpress\/?p=1267"},"modified":"2023-05-31T14:35:19","modified_gmt":"2023-05-31T12:35:19","slug":"ecsi-une-education-a-la-citoyennete-et-la-solidarite-internationale","status":"publish","type":"post","link":"https:\/\/www.ecoledelapaix.org\/wordpress\/2023\/05\/18\/ecsi-une-education-a-la-citoyennete-et-la-solidarite-internationale\/","title":{"rendered":"ECSI\u00a0: UNE EDUCATION A LA CITOYENNETE ET LA SOLIDARITE INTERNATIONALE"},"content":{"rendered":"\n<h2 class=\"wp-block-heading\"><strong>C\u2019est quoi&nbsp;?<\/strong><\/h2>\n\n\n\n<p class=\"has-text-align-left\">L\u2019ECSI est une \u00e9ducation qui vise une<strong> \u00e9volution des comportements<\/strong> vers plus <strong>d\u2019ouverture<\/strong>,<br>de <strong>respect de l\u2019autre<\/strong> et de <strong>la plan\u00e8te<\/strong>.<\/p>\n\n\n\n<p class=\"has-text-align-left\"><br>Elle propose aux participants de se mettre en situation afin de <strong>prendre conscience de la<br>complexit\u00e9 de certaines situations <\/strong>et d\u2019essayer de <strong>construire collectivement des solutions<\/strong> aux<br>probl\u00e8mes rencontr\u00e9s.<\/p>\n\n\n\n<p class=\"has-text-align-left\"><br>Il s\u2019agit d\u2019une d\u00e9marche issue de <strong>l\u2019\u00e9ducation populaire<\/strong>, en rupture avec une \u00e9ducation<br>descendante o\u00f9 l\u2019\u00e9l\u00e8ve est r\u00e9cepteur du savoir de l\u2019enseignant. Elle modifie le rapport au savoir en favorisant <strong>la participation des \u00e9l\u00e8ves<\/strong> et un apprentissage de<br>pair \u00e0 pair dans lequel <strong>l\u2019\u00e9l\u00e8ve est tour \u00e0 tour enseignant et apprenant<\/strong>.<\/p>\n\n\n\n<p><\/p>\n\n\n\n<p><\/p>\n\n\n\n<h2 class=\"wp-block-heading\"><strong>Pourquoi&nbsp;?<\/strong><\/h2>\n\n\n\n<p><strong>Les actions d\u2019ECSI<\/strong> cherchent \u00e0 <strong>informer<\/strong> et <strong>sensibiliser le public<\/strong> (les jeunes en priorit\u00e9) <strong>en France<\/strong><br>et <strong>dans le monde<\/strong> sur des probl\u00e9matiques qu&rsquo;on retrouve aux quatre coins de la plan\u00e8te (par exemple, les in\u00e9galit\u00e9s \u00e9conomiques, sociales, le r\u00e9chauffement climatique, les violations des droits humains, etc.) et de questionner leur raison d\u2019\u00eatre.<\/p>\n\n\n\n<p><br>Dans notre monde qui bouge, les d\u00e9fis contemporains sont nombreux et complexes. L\u2019ECSI se<br>propose de&nbsp;:<\/p>\n\n\n\n<ul class=\"wp-block-list\">\n<li><strong>valoriser et prot\u00e9ger&nbsp;une diversit\u00e9 culturelle<\/strong> qui nous apprend \u00e0 penser autrement et \u00e0<br>comprendre les m\u00e9canismes d\u2019interd\u00e9pendance et d\u2019exclusion dans le monde;<\/li>\n\n\n\n<li><strong>d\u00e9velopper une intelligence collective<\/strong> en stimulant l\u2019interaction de connaissances, d\u2019id\u00e9es,<br>d\u2019opinions entre plusieurs personnes, qui g\u00e9n\u00e8re de la valeur;<\/li>\n\n\n\n<li><strong>encourager une citoyennet\u00e9 active<\/strong> qui vise \u00e0 devenir des citoyens responsables, libres et<br>conscients des principes d\u00e9mocratiques, dans le respect de la plan\u00e8te et de ses habitants,<br>vers une transformation sociale.<\/li>\n<\/ul>\n\n\n\n<h2 class=\"wp-block-heading\">Comment&nbsp;?<\/h2>\n\n\n\n<p>L\u2019ECSI se r\u00e9clame d\u2019une <strong>p\u00e9dagogie active<\/strong> au service de <strong>la compr\u00e9hension du monde<\/strong>.<br>Dans sa d\u00e9marche d\u2019autoformation et d\u2019\u00e9mancipation, elle con\u00e7oit le participant, non pas comme<br>un r\u00e9cepteur passif mais comme <strong>un producteur actif de savoirs et d\u2019informations<\/strong>. Celui-ci est<br>amen\u00e9 \u00e0 questionner sa vision et sa conception du r\u00e9el et ses pratiques dans l\u2019objectif de les<br><strong>remettre en question individuellement et collectivement.<\/strong> Une d\u00e9marche qui s\u2019inscrit \u00e0 cet effet dans<strong> un temps long<\/strong>.<\/p>\n\n\n\n<p><br>L\u2019ECSI utilise des <strong>supports p\u00e9dagogiques originaux et innovants<\/strong> pour<strong> informer<\/strong>, <strong>sensibiliser<\/strong> et<br><strong>mobiliser le public \u00e0 des probl\u00e9matiques globales<\/strong>.<\/p>\n\n\n\n<p>Elle s\u2019appuie sur la p\u00e9dagogie suivante&nbsp;:<\/p>\n\n\n\n<p><br><strong><em>1) Informer et sensibiliser<\/em><\/strong>&nbsp;<\/p>\n\n\n\n<p><br>Donner acc\u00e8s \u00e0 des <strong>informations diversifi\u00e9es et fiables<\/strong> afin de provoquer le<br>questionnement, <strong>stimuler l\u2019esprit critique<\/strong>, et contribuer \u00e0 \u00e9veiller la curiosit\u00e9.<br>L\u2019ECSI implique un <strong>travail interdisciplinaire<\/strong> dans la recherche de l\u2019origine des<br>ph\u00e9nom\u00e8nes, leurs interactions, leurs cons\u00e9quences au service de <strong>la compr\u00e9hension du<br>monde.<\/strong><\/p>\n\n\n\n<p><\/p>\n\n\n\n<p><strong><em>2) Comprendre<\/em><\/strong><\/p>\n\n\n\n<p><br>Les participants sont invit\u00e9s \u00e0 \u00e9changer sur leurs propres perceptions et connaissances sur<br>le sujet et \u00e0<strong> en v\u00e9rifier l\u2019origine<\/strong>. Il s\u2019agit avant tout de <strong>discuter d\u2019\u00e9gal \u00e0 \u00e9gal<\/strong>, d\u2019apprendre \u00e0<br><strong>construire des argumentaires<\/strong>, mais aussi de <strong>d\u00e9construire des pr\u00e9jug\u00e9s<\/strong>.<\/p>\n\n\n\n<p><br>En proposant des espaces de discussions et la mise en d\u00e9bat de la r\u00e9alit\u00e9 du monde,<br>l\u2019ECSI a pour objectif d&rsquo;aborder les probl\u00e9matiques dans leur complexit\u00e9, et de sortir<br>des id\u00e9es re\u00e7ues.<\/p>\n\n\n\n<p><br>Cette d\u00e9marche p\u00e9dagogique se base sur des <strong>actions interactives<\/strong> qui visent \u00e0 faire<br>participer le public : jeux de soci\u00e9t\u00e9, photolangages, vid\u00e9os, films, jeux anim\u00e9s, d\u00e9bats,<br>expositions, etc. permettent de sensibiliser activement en vue d\u2019une <strong>transformation soci\u00e9tale<\/strong>.<\/p>\n\n\n\n<p><br>L\u2019ECSI consid\u00e8re le savoir comme <strong>la r\u00e9sultante d\u2019une construction collective<\/strong>, qu\u2019elle<br>encourage par l\u2019\u00e9change de pair \u00e0 pair. Chaque \u00e9l\u00e8ve, jeune ou moins jeune, d\u00e9tient des<br>morceaux de savoirs, complets ou non, structur\u00e9s ou non qui, mis au pot commun des<br>discussions collectives, construisent un savoir collectif.<\/p>\n\n\n\n<p><\/p>\n\n\n\n<p><em><strong>3) Agir<\/strong><\/em><\/p>\n\n\n\n<p><br>La troisi\u00e8me \u00e9tape est celle du passage \u00e0 l\u2019action&nbsp;: <strong>agir pour un changement de comportements<\/strong>. Le processus d\u2019\u00e9mancipation \u00e9labor\u00e9 pr\u00e9c\u00e9demment aboutit \u00e0 une remise en cause des pratiques et la recherche d\u2019alternatives. En effet la compr\u00e9hension des enjeux mondiaux peut s\u2019accompagner de cette phase de r\u00e9action o\u00f9 chacun et chacune se sent concern\u00e9 et d\u00e9veloppe <strong>sa capacit\u00e9 d\u2019agir \u00e0 l\u2019\u00e9chelle individuelle ou collective<\/strong>.<\/p>\n\n\n\n<p>Concr\u00e8tement, ces actions peuvent prendre diff\u00e9rentes formes. Exemples :&nbsp;<\/p>\n\n\n\n<ul class=\"wp-block-list\">\n<li>Un projet transversal de transformation des modes de consommation, de d\u00e9placement, de gestion d\u2019\u00e9nergie, de<br>d\u00e9chets, d\u2019eau, etc.<\/li>\n\n\n\n<li>Une r\u00e9alisation culturelle sous la forme de th\u00e9\u00e2tre, danse, cr\u00e9ation de textes,<br>peinture, chansons, etc.<\/li>\n\n\n\n<li>Une campagne d\u2019information en direction d\u2019un public plus large sous la forme<br>num\u00e9rique ou papier, etc.<\/li>\n\n\n\n<li>La cr\u00e9ation et la promotion de nouveaux outils p\u00e9dagogiques sur les th\u00e8mes de<br>solidarit\u00e9 locale et internationale, de paix et de d\u00e9veloppement durable.<\/li>\n<\/ul>\n\n\n\n<h2 class=\"wp-block-heading\">Qui&nbsp;? Pour qui&nbsp;?<\/h2>\n\n\n\n<p>L\u2019adulte devient <strong>facilitateur de dialogue<\/strong> et non plus d\u00e9tenteur du savoir. Il est <strong>un animateur<br>inform\u00e9 sur la th\u00e9matique trait\u00e9e<\/strong> et <strong>ma\u00eetrise la p\u00e9dagogie et les outils utilis\u00e9s<\/strong>.<\/p>\n\n\n\n<p>Son r\u00f4le est de&nbsp;:<\/p>\n\n\n\n<ul class=\"wp-block-list\">\n<li><strong>susciter le questionnement<\/strong>, la prise de conscience, les \u00e9changes, le d\u00e9bat, la participation<br>puis l\u2019action. Ce changement de posture rend l\u2019\u00e9l\u00e8ve ou le participant actif dans le groupe,<br>attentif aux opinions et aux arguments de ses pairs, et responsable de sa propre parole.<\/li>\n\n\n\n<li><strong>permettre \u00e0 chacun de s\u2019exprimer sans \u00eatre jug\u00e9<\/strong>, permettre l\u2019expression d\u2019arguments<br>contraires.<\/li>\n\n\n\n<li><strong>rester \u00e0 l\u2019\u00e9coute<\/strong><\/li>\n\n\n\n<li><strong>pr\u00e9f\u00e9rer s\u2019effacer pour laisser le groupe venir au bout de sa propre r\u00e9flexion<\/strong> plut\u00f4t que de<br>donner son point de vue au risque d\u2019influencer unilat\u00e9ralement la r\u00e9flexion.<\/li>\n<\/ul>\n\n\n\n<h2 class=\"wp-block-heading\">ECSI ET CULTURE DE PAIX<\/h2>\n\n\n\n<p>L\u2019\u00c9cole de la paix, en accord avec les valeurs de l\u2019ECSI \u0153uvre pour <strong>une soci\u00e9t\u00e9 plus apais\u00e9e<\/strong>,<br>pour <strong>la d\u00e9construction des pr\u00e9jug\u00e9s<\/strong> et pour le respect de la diversit\u00e9 dans un monde de plus en<br>plus multiculturel. Elle encourage <strong>le vivre-ensemble<\/strong> et porte une attention particuli\u00e8re \u00e0 la<br>citoyennet\u00e9 plan\u00e9taire.<\/p>\n\n\n\n<p><br>De m\u00eame que <strong>l\u2019ECSI oriente ses actions vers \u00ab&nbsp;un monde plus juste et plus durable&nbsp;\u00bb<\/strong>, l\u2019\u00c9cole de la<br>paix, dans sa proposition de construire la paix et de lutter contre toutes les formes de violence, y<br>compris les violences sociales, \u00e9cologiques, \u00e9conomiques, sexistes qui d\u00e9chirent nos soci\u00e9t\u00e9s, se<br>sert de <strong>l\u2019ECSI comme fil rouge<\/strong> dans les projets et les interventions qu\u2019elle propose, qu\u2019il s\u2019agisse<br>d\u2019un public enfant ou adulte.<\/p>\n\n\n\n<p><br>Enfin, concern\u00e9e par<strong> les 17<a href=\"https:\/\/www.un.org\/sustainabledevelopment\/fr\/objectifs-de-developpement-durable\/\"> Objectifs de D\u00e9veloppement Durable<\/a><\/strong>, l\u2019\u00c9cole de la paix contribue \u00e0 la<br>prise de conscience des enjeux li\u00e9s \u00e0 l\u2019environnement, et \u00e0 une mobilisation individuelle ou<br>collective pour un plus grand respect de la plan\u00e8te et de ses habitants. Elle consid\u00e8re quant \u00e0 elle<br>que l\u2019acc\u00e8s \u00e0 l\u2019eau, \u00e0 la nourriture, \u00e0 la sant\u00e9, et leur impact sur les populations les plus touch\u00e9es<br>sont une source de conflit \u00e0 l\u2019\u00e9chelle mondiale et veut s\u2019impliquer dans cette mobilisation.<\/p>\n\n\n\n<h2 class=\"wp-block-heading\">Pour aller plus loin<\/h2>\n\n\n\n<ul class=\"wp-block-list\">\n<li><a href=\"https:\/\/www.afd.fr\/fr\/page-thematique-axe\/education-la-citoyennete-et-la-solidarite-\ninternationale\">https:\/\/www.afd.fr\/fr\/page-thematique-axe\/education-la-citoyennete-et-la-solidarite-<br>internationale<\/a><\/li>\n\n\n\n<li><a href=\"https:\/\/www.ritimo.org\/pedagogie-et-d\">https:\/\/www.ritimo.org\/pedagogie-et-d<\/a><a href=\"s:\/\/www.ritimo.org\/pedagogie-et-demarche-de-l-ecsi\">emarche-de-l-ecsi<\/a><\/li>\n\n\n\n<li><a href=\"https:\/\/www.gas-asso.org\/nos-actions\/ecs\">https:\/\/www.gas-asso.org\/nos-actions\/ecs<\/a><a href=\"tps:\/\/www.gas-asso.org\/nos-actions\/ecsi\/\">i\/<\/a><\/li>\n<\/ul>\n\n\n\n<figure class=\"wp-block-image\"><img decoding=\"async\" data-src=\"https:\/\/www.ecoledelapaix.org\/wordpress\/wp-content\/uploads\/2023\/05\/Atelier-ECSI-Martine.jpg\" alt=\"\" class=\"wp-image-1265 lazyload\" src=\"data:image\/svg+xml;base64,PHN2ZyB3aWR0aD0iMSIgaGVpZ2h0PSIxIiB4bWxucz0iaHR0cDovL3d3dy53My5vcmcvMjAwMC9zdmciPjwvc3ZnPg==\" style=\"--smush-placeholder-width: 1000px; --smush-placeholder-aspect-ratio: 1000\/744;\" \/><\/figure>\n","protected":false},"excerpt":{"rendered":"<p>C\u2019est quoi&nbsp;? L\u2019ECSI est une \u00e9ducation qui vise une \u00e9volution des comportements vers plus d\u2019ouverture,de respect de l\u2019autre et de<\/p>\n","protected":false},"author":4,"featured_media":1265,"comment_status":"closed","ping_status":"closed","sticky":false,"template":"","format":"standard","meta":{"footnotes":""},"categories":[92,22],"tags":[26,138],"class_list":["post-1267","post","type-post","status-publish","format-standard","has-post-thumbnail","hentry","category-actualite","category-articles","tag-articles","tag-education"],"yoast_head":"<!-- This site is optimized with the Yoast SEO plugin v26.3 - https:\/\/yoast.com\/wordpress\/plugins\/seo\/ -->\n<title>ECSI\u00a0: UNE EDUCATION A LA CITOYENNETE ET LA SOLIDARITE INTERNATIONALE - Ensemble,<\/title>\n<meta name=\"robots\" content=\"index, follow, max-snippet:-1, max-image-preview:large, max-video-preview:-1\" \/>\n<link rel=\"canonical\" href=\"https:\/\/www.ecoledelapaix.org\/wordpress\/2023\/05\/18\/ecsi-une-education-a-la-citoyennete-et-la-solidarite-internationale\/\" \/>\n<meta property=\"og:locale\" content=\"fr_FR\" \/>\n<meta property=\"og:type\" content=\"article\" \/>\n<meta property=\"og:title\" content=\"ECSI\u00a0: UNE EDUCATION A LA CITOYENNETE ET LA SOLIDARITE INTERNATIONALE - Ensemble,\" \/>\n<meta property=\"og:description\" content=\"C\u2019est quoi&nbsp;? L\u2019ECSI est une \u00e9ducation qui vise une \u00e9volution des comportements vers plus d\u2019ouverture,de respect de l\u2019autre et de\" \/>\n<meta property=\"og:url\" content=\"https:\/\/www.ecoledelapaix.org\/wordpress\/2023\/05\/18\/ecsi-une-education-a-la-citoyennete-et-la-solidarite-internationale\/\" \/>\n<meta property=\"og:site_name\" content=\"Ensemble,\" \/>\n<meta property=\"article:published_time\" content=\"2023-05-18T21:15:07+00:00\" \/>\n<meta property=\"article:modified_time\" content=\"2023-05-31T12:35:19+00:00\" \/>\n<meta property=\"og:image\" content=\"https:\/\/www.ecoledelapaix.org\/wordpress\/wp-content\/uploads\/2023\/05\/Atelier-ECSI-Martine-e1685535172321.jpg\" \/>\n\t<meta property=\"og:image:width\" content=\"250\" \/>\n\t<meta property=\"og:image:height\" content=\"186\" \/>\n\t<meta property=\"og:image:type\" content=\"image\/jpeg\" \/>\n<meta name=\"author\" content=\"Martine Plisson\" \/>\n<meta name=\"twitter:card\" content=\"summary_large_image\" \/>\n<meta name=\"twitter:label1\" content=\"\u00c9crit par\" \/>\n\t<meta name=\"twitter:data1\" content=\"Martine Plisson\" \/>\n\t<meta name=\"twitter:label2\" content=\"Dur\u00e9e de lecture estim\u00e9e\" \/>\n\t<meta name=\"twitter:data2\" content=\"6 minutes\" \/>\n<script type=\"application\/ld+json\" class=\"yoast-schema-graph\">{\"@context\":\"https:\/\/schema.org\",\"@graph\":[{\"@type\":\"Article\",\"@id\":\"https:\/\/www.ecoledelapaix.org\/wordpress\/2023\/05\/18\/ecsi-une-education-a-la-citoyennete-et-la-solidarite-internationale\/#article\",\"isPartOf\":{\"@id\":\"https:\/\/www.ecoledelapaix.org\/wordpress\/2023\/05\/18\/ecsi-une-education-a-la-citoyennete-et-la-solidarite-internationale\/\"},\"author\":{\"name\":\"Martine Plisson\",\"@id\":\"https:\/\/www.ecoledelapaix.org\/wordpress\/#\/schema\/person\/6ef9bf5b91ce3fe5bc596125bb2f3e4f\"},\"headline\":\"ECSI\u00a0: UNE EDUCATION A LA CITOYENNETE ET LA SOLIDARITE INTERNATIONALE\",\"datePublished\":\"2023-05-18T21:15:07+00:00\",\"dateModified\":\"2023-05-31T12:35:19+00:00\",\"mainEntityOfPage\":{\"@id\":\"https:\/\/www.ecoledelapaix.org\/wordpress\/2023\/05\/18\/ecsi-une-education-a-la-citoyennete-et-la-solidarite-internationale\/\"},\"wordCount\":1188,\"publisher\":{\"@id\":\"https:\/\/www.ecoledelapaix.org\/wordpress\/#organization\"},\"image\":{\"@id\":\"https:\/\/www.ecoledelapaix.org\/wordpress\/2023\/05\/18\/ecsi-une-education-a-la-citoyennete-et-la-solidarite-internationale\/#primaryimage\"},\"thumbnailUrl\":\"https:\/\/www.ecoledelapaix.org\/wordpress\/wp-content\/uploads\/2023\/05\/Atelier-ECSI-Martine-e1685535172321.jpg\",\"keywords\":[\"Articles\",\"Education\"],\"articleSection\":[\"Actualit\u00e9s\",\"Articles\"],\"inLanguage\":\"fr-FR\"},{\"@type\":\"WebPage\",\"@id\":\"https:\/\/www.ecoledelapaix.org\/wordpress\/2023\/05\/18\/ecsi-une-education-a-la-citoyennete-et-la-solidarite-internationale\/\",\"url\":\"https:\/\/www.ecoledelapaix.org\/wordpress\/2023\/05\/18\/ecsi-une-education-a-la-citoyennete-et-la-solidarite-internationale\/\",\"name\":\"ECSI\u00a0: UNE EDUCATION A LA CITOYENNETE ET LA SOLIDARITE INTERNATIONALE - Ensemble,\",\"isPartOf\":{\"@id\":\"https:\/\/www.ecoledelapaix.org\/wordpress\/#website\"},\"primaryImageOfPage\":{\"@id\":\"https:\/\/www.ecoledelapaix.org\/wordpress\/2023\/05\/18\/ecsi-une-education-a-la-citoyennete-et-la-solidarite-internationale\/#primaryimage\"},\"image\":{\"@id\":\"https:\/\/www.ecoledelapaix.org\/wordpress\/2023\/05\/18\/ecsi-une-education-a-la-citoyennete-et-la-solidarite-internationale\/#primaryimage\"},\"thumbnailUrl\":\"https:\/\/www.ecoledelapaix.org\/wordpress\/wp-content\/uploads\/2023\/05\/Atelier-ECSI-Martine-e1685535172321.jpg\",\"datePublished\":\"2023-05-18T21:15:07+00:00\",\"dateModified\":\"2023-05-31T12:35:19+00:00\",\"breadcrumb\":{\"@id\":\"https:\/\/www.ecoledelapaix.org\/wordpress\/2023\/05\/18\/ecsi-une-education-a-la-citoyennete-et-la-solidarite-internationale\/#breadcrumb\"},\"inLanguage\":\"fr-FR\",\"potentialAction\":[{\"@type\":\"ReadAction\",\"target\":[\"https:\/\/www.ecoledelapaix.org\/wordpress\/2023\/05\/18\/ecsi-une-education-a-la-citoyennete-et-la-solidarite-internationale\/\"]}]},{\"@type\":\"ImageObject\",\"inLanguage\":\"fr-FR\",\"@id\":\"https:\/\/www.ecoledelapaix.org\/wordpress\/2023\/05\/18\/ecsi-une-education-a-la-citoyennete-et-la-solidarite-internationale\/#primaryimage\",\"url\":\"https:\/\/www.ecoledelapaix.org\/wordpress\/wp-content\/uploads\/2023\/05\/Atelier-ECSI-Martine-e1685535172321.jpg\",\"contentUrl\":\"https:\/\/www.ecoledelapaix.org\/wordpress\/wp-content\/uploads\/2023\/05\/Atelier-ECSI-Martine-e1685535172321.jpg\",\"width\":250,\"height\":186},{\"@type\":\"BreadcrumbList\",\"@id\":\"https:\/\/www.ecoledelapaix.org\/wordpress\/2023\/05\/18\/ecsi-une-education-a-la-citoyennete-et-la-solidarite-internationale\/#breadcrumb\",\"itemListElement\":[{\"@type\":\"ListItem\",\"position\":1,\"name\":\"Accueil\",\"item\":\"http:\/\/www.ecoledelapaix.org\/wordpress\/\"},{\"@type\":\"ListItem\",\"position\":2,\"name\":\"ECSI\u00a0: UNE EDUCATION A LA CITOYENNETE ET LA SOLIDARITE INTERNATIONALE\"}]},{\"@type\":\"WebSite\",\"@id\":\"https:\/\/www.ecoledelapaix.org\/wordpress\/#website\",\"url\":\"https:\/\/www.ecoledelapaix.org\/wordpress\/\",\"name\":\"Ensemble,\",\"description\":\"agissons pour la paix par l&#039;\u00e9ducation\",\"publisher\":{\"@id\":\"https:\/\/www.ecoledelapaix.org\/wordpress\/#organization\"},\"potentialAction\":[{\"@type\":\"SearchAction\",\"target\":{\"@type\":\"EntryPoint\",\"urlTemplate\":\"https:\/\/www.ecoledelapaix.org\/wordpress\/?s={search_term_string}\"},\"query-input\":{\"@type\":\"PropertyValueSpecification\",\"valueRequired\":true,\"valueName\":\"search_term_string\"}}],\"inLanguage\":\"fr-FR\"},{\"@type\":\"Organization\",\"@id\":\"https:\/\/www.ecoledelapaix.org\/wordpress\/#organization\",\"name\":\"\u00c9cole de la paix\",\"url\":\"https:\/\/www.ecoledelapaix.org\/wordpress\/\",\"logo\":{\"@type\":\"ImageObject\",\"inLanguage\":\"fr-FR\",\"@id\":\"https:\/\/www.ecoledelapaix.org\/wordpress\/#\/schema\/logo\/image\/\",\"url\":\"https:\/\/www.ecoledelapaix.org\/wordpress\/wp-content\/uploads\/2022\/01\/cropped-LOGO.png\",\"contentUrl\":\"https:\/\/www.ecoledelapaix.org\/wordpress\/wp-content\/uploads\/2022\/01\/cropped-LOGO.png\",\"width\":200,\"height\":85,\"caption\":\"\u00c9cole de la paix\"},\"image\":{\"@id\":\"https:\/\/www.ecoledelapaix.org\/wordpress\/#\/schema\/logo\/image\/\"}},{\"@type\":\"Person\",\"@id\":\"https:\/\/www.ecoledelapaix.org\/wordpress\/#\/schema\/person\/6ef9bf5b91ce3fe5bc596125bb2f3e4f\",\"name\":\"Martine Plisson\",\"image\":{\"@type\":\"ImageObject\",\"inLanguage\":\"fr-FR\",\"@id\":\"https:\/\/www.ecoledelapaix.org\/wordpress\/#\/schema\/person\/image\/\",\"url\":\"https:\/\/secure.gravatar.com\/avatar\/975997bde2f88be4af1823b3335ebb34cc5d734f7779d5a7b197b41fb91b1cec?s=96&d=mm&r=g\",\"contentUrl\":\"https:\/\/secure.gravatar.com\/avatar\/975997bde2f88be4af1823b3335ebb34cc5d734f7779d5a7b197b41fb91b1cec?s=96&d=mm&r=g\",\"caption\":\"Martine Plisson\"},\"url\":\"https:\/\/www.ecoledelapaix.org\/wordpress\/author\/martinep\/\"}]}<\/script>\n<!-- \/ Yoast SEO plugin. -->","yoast_head_json":{"title":"ECSI\u00a0: UNE EDUCATION A LA CITOYENNETE ET LA SOLIDARITE INTERNATIONALE - Ensemble,","robots":{"index":"index","follow":"follow","max-snippet":"max-snippet:-1","max-image-preview":"max-image-preview:large","max-video-preview":"max-video-preview:-1"},"canonical":"https:\/\/www.ecoledelapaix.org\/wordpress\/2023\/05\/18\/ecsi-une-education-a-la-citoyennete-et-la-solidarite-internationale\/","og_locale":"fr_FR","og_type":"article","og_title":"ECSI\u00a0: UNE EDUCATION A LA CITOYENNETE ET LA SOLIDARITE INTERNATIONALE - Ensemble,","og_description":"C\u2019est quoi&nbsp;? L\u2019ECSI est une \u00e9ducation qui vise une \u00e9volution des comportements vers plus d\u2019ouverture,de respect de l\u2019autre et de","og_url":"https:\/\/www.ecoledelapaix.org\/wordpress\/2023\/05\/18\/ecsi-une-education-a-la-citoyennete-et-la-solidarite-internationale\/","og_site_name":"Ensemble,","article_published_time":"2023-05-18T21:15:07+00:00","article_modified_time":"2023-05-31T12:35:19+00:00","og_image":[{"width":250,"height":186,"url":"https:\/\/www.ecoledelapaix.org\/wordpress\/wp-content\/uploads\/2023\/05\/Atelier-ECSI-Martine-e1685535172321.jpg","type":"image\/jpeg"}],"author":"Martine Plisson","twitter_card":"summary_large_image","twitter_misc":{"\u00c9crit par":"Martine Plisson","Dur\u00e9e de lecture estim\u00e9e":"6 minutes"},"schema":{"@context":"https:\/\/schema.org","@graph":[{"@type":"Article","@id":"https:\/\/www.ecoledelapaix.org\/wordpress\/2023\/05\/18\/ecsi-une-education-a-la-citoyennete-et-la-solidarite-internationale\/#article","isPartOf":{"@id":"https:\/\/www.ecoledelapaix.org\/wordpress\/2023\/05\/18\/ecsi-une-education-a-la-citoyennete-et-la-solidarite-internationale\/"},"author":{"name":"Martine Plisson","@id":"https:\/\/www.ecoledelapaix.org\/wordpress\/#\/schema\/person\/6ef9bf5b91ce3fe5bc596125bb2f3e4f"},"headline":"ECSI\u00a0: UNE EDUCATION A LA CITOYENNETE ET LA SOLIDARITE INTERNATIONALE","datePublished":"2023-05-18T21:15:07+00:00","dateModified":"2023-05-31T12:35:19+00:00","mainEntityOfPage":{"@id":"https:\/\/www.ecoledelapaix.org\/wordpress\/2023\/05\/18\/ecsi-une-education-a-la-citoyennete-et-la-solidarite-internationale\/"},"wordCount":1188,"publisher":{"@id":"https:\/\/www.ecoledelapaix.org\/wordpress\/#organization"},"image":{"@id":"https:\/\/www.ecoledelapaix.org\/wordpress\/2023\/05\/18\/ecsi-une-education-a-la-citoyennete-et-la-solidarite-internationale\/#primaryimage"},"thumbnailUrl":"https:\/\/www.ecoledelapaix.org\/wordpress\/wp-content\/uploads\/2023\/05\/Atelier-ECSI-Martine-e1685535172321.jpg","keywords":["Articles","Education"],"articleSection":["Actualit\u00e9s","Articles"],"inLanguage":"fr-FR"},{"@type":"WebPage","@id":"https:\/\/www.ecoledelapaix.org\/wordpress\/2023\/05\/18\/ecsi-une-education-a-la-citoyennete-et-la-solidarite-internationale\/","url":"https:\/\/www.ecoledelapaix.org\/wordpress\/2023\/05\/18\/ecsi-une-education-a-la-citoyennete-et-la-solidarite-internationale\/","name":"ECSI\u00a0: UNE EDUCATION A LA CITOYENNETE ET LA SOLIDARITE INTERNATIONALE - Ensemble,","isPartOf":{"@id":"https:\/\/www.ecoledelapaix.org\/wordpress\/#website"},"primaryImageOfPage":{"@id":"https:\/\/www.ecoledelapaix.org\/wordpress\/2023\/05\/18\/ecsi-une-education-a-la-citoyennete-et-la-solidarite-internationale\/#primaryimage"},"image":{"@id":"https:\/\/www.ecoledelapaix.org\/wordpress\/2023\/05\/18\/ecsi-une-education-a-la-citoyennete-et-la-solidarite-internationale\/#primaryimage"},"thumbnailUrl":"https:\/\/www.ecoledelapaix.org\/wordpress\/wp-content\/uploads\/2023\/05\/Atelier-ECSI-Martine-e1685535172321.jpg","datePublished":"2023-05-18T21:15:07+00:00","dateModified":"2023-05-31T12:35:19+00:00","breadcrumb":{"@id":"https:\/\/www.ecoledelapaix.org\/wordpress\/2023\/05\/18\/ecsi-une-education-a-la-citoyennete-et-la-solidarite-internationale\/#breadcrumb"},"inLanguage":"fr-FR","potentialAction":[{"@type":"ReadAction","target":["https:\/\/www.ecoledelapaix.org\/wordpress\/2023\/05\/18\/ecsi-une-education-a-la-citoyennete-et-la-solidarite-internationale\/"]}]},{"@type":"ImageObject","inLanguage":"fr-FR","@id":"https:\/\/www.ecoledelapaix.org\/wordpress\/2023\/05\/18\/ecsi-une-education-a-la-citoyennete-et-la-solidarite-internationale\/#primaryimage","url":"https:\/\/www.ecoledelapaix.org\/wordpress\/wp-content\/uploads\/2023\/05\/Atelier-ECSI-Martine-e1685535172321.jpg","contentUrl":"https:\/\/www.ecoledelapaix.org\/wordpress\/wp-content\/uploads\/2023\/05\/Atelier-ECSI-Martine-e1685535172321.jpg","width":250,"height":186},{"@type":"BreadcrumbList","@id":"https:\/\/www.ecoledelapaix.org\/wordpress\/2023\/05\/18\/ecsi-une-education-a-la-citoyennete-et-la-solidarite-internationale\/#breadcrumb","itemListElement":[{"@type":"ListItem","position":1,"name":"Accueil","item":"http:\/\/www.ecoledelapaix.org\/wordpress\/"},{"@type":"ListItem","position":2,"name":"ECSI\u00a0: UNE EDUCATION A LA CITOYENNETE ET LA SOLIDARITE INTERNATIONALE"}]},{"@type":"WebSite","@id":"https:\/\/www.ecoledelapaix.org\/wordpress\/#website","url":"https:\/\/www.ecoledelapaix.org\/wordpress\/","name":"Ensemble,","description":"agissons pour la paix par l&#039;\u00e9ducation","publisher":{"@id":"https:\/\/www.ecoledelapaix.org\/wordpress\/#organization"},"potentialAction":[{"@type":"SearchAction","target":{"@type":"EntryPoint","urlTemplate":"https:\/\/www.ecoledelapaix.org\/wordpress\/?s={search_term_string}"},"query-input":{"@type":"PropertyValueSpecification","valueRequired":true,"valueName":"search_term_string"}}],"inLanguage":"fr-FR"},{"@type":"Organization","@id":"https:\/\/www.ecoledelapaix.org\/wordpress\/#organization","name":"\u00c9cole de la paix","url":"https:\/\/www.ecoledelapaix.org\/wordpress\/","logo":{"@type":"ImageObject","inLanguage":"fr-FR","@id":"https:\/\/www.ecoledelapaix.org\/wordpress\/#\/schema\/logo\/image\/","url":"https:\/\/www.ecoledelapaix.org\/wordpress\/wp-content\/uploads\/2022\/01\/cropped-LOGO.png","contentUrl":"https:\/\/www.ecoledelapaix.org\/wordpress\/wp-content\/uploads\/2022\/01\/cropped-LOGO.png","width":200,"height":85,"caption":"\u00c9cole de la paix"},"image":{"@id":"https:\/\/www.ecoledelapaix.org\/wordpress\/#\/schema\/logo\/image\/"}},{"@type":"Person","@id":"https:\/\/www.ecoledelapaix.org\/wordpress\/#\/schema\/person\/6ef9bf5b91ce3fe5bc596125bb2f3e4f","name":"Martine Plisson","image":{"@type":"ImageObject","inLanguage":"fr-FR","@id":"https:\/\/www.ecoledelapaix.org\/wordpress\/#\/schema\/person\/image\/","url":"https:\/\/secure.gravatar.com\/avatar\/975997bde2f88be4af1823b3335ebb34cc5d734f7779d5a7b197b41fb91b1cec?s=96&d=mm&r=g","contentUrl":"https:\/\/secure.gravatar.com\/avatar\/975997bde2f88be4af1823b3335ebb34cc5d734f7779d5a7b197b41fb91b1cec?s=96&d=mm&r=g","caption":"Martine Plisson"},"url":"https:\/\/www.ecoledelapaix.org\/wordpress\/author\/martinep\/"}]}},"_links":{"self":[{"href":"https:\/\/www.ecoledelapaix.org\/wordpress\/wp-json\/wp\/v2\/posts\/1267","targetHints":{"allow":["GET"]}}],"collection":[{"href":"https:\/\/www.ecoledelapaix.org\/wordpress\/wp-json\/wp\/v2\/posts"}],"about":[{"href":"https:\/\/www.ecoledelapaix.org\/wordpress\/wp-json\/wp\/v2\/types\/post"}],"author":[{"embeddable":true,"href":"https:\/\/www.ecoledelapaix.org\/wordpress\/wp-json\/wp\/v2\/users\/4"}],"replies":[{"embeddable":true,"href":"https:\/\/www.ecoledelapaix.org\/wordpress\/wp-json\/wp\/v2\/comments?post=1267"}],"version-history":[{"count":8,"href":"https:\/\/www.ecoledelapaix.org\/wordpress\/wp-json\/wp\/v2\/posts\/1267\/revisions"}],"predecessor-version":[{"id":1280,"href":"https:\/\/www.ecoledelapaix.org\/wordpress\/wp-json\/wp\/v2\/posts\/1267\/revisions\/1280"}],"wp:featuredmedia":[{"embeddable":true,"href":"https:\/\/www.ecoledelapaix.org\/wordpress\/wp-json\/wp\/v2\/media\/1265"}],"wp:attachment":[{"href":"https:\/\/www.ecoledelapaix.org\/wordpress\/wp-json\/wp\/v2\/media?parent=1267"}],"wp:term":[{"taxonomy":"category","embeddable":true,"href":"https:\/\/www.ecoledelapaix.org\/wordpress\/wp-json\/wp\/v2\/categories?post=1267"},{"taxonomy":"post_tag","embeddable":true,"href":"https:\/\/www.ecoledelapaix.org\/wordpress\/wp-json\/wp\/v2\/tags?post=1267"}],"curies":[{"name":"wp","href":"https:\/\/api.w.org\/{rel}","templated":true}]}}