{"id":1292,"date":"2023-06-09T19:47:08","date_gmt":"2023-06-09T17:47:08","guid":{"rendered":"https:\/\/www.ecoledelapaix.org\/wordpress\/?p=1292"},"modified":"2023-06-09T19:55:22","modified_gmt":"2023-06-09T17:55:22","slug":"1292","status":"publish","type":"post","link":"https:\/\/www.ecoledelapaix.org\/wordpress\/2023\/06\/09\/1292\/","title":{"rendered":"La Biennale des villes en transition"},"content":{"rendered":"\n<figure class=\"wp-block-image\"><img decoding=\"async\" width=\"707\" height=\"1000\" data-src=\"https:\/\/www.ecoledelapaix.org\/wordpress\/wp-content\/uploads\/2023\/06\/Biennale.png\" alt=\"\" class=\"wp-image-1293 lazyload\" data-srcset=\"https:\/\/www.ecoledelapaix.org\/wordpress\/wp-content\/uploads\/2023\/06\/Biennale.png 707w, https:\/\/www.ecoledelapaix.org\/wordpress\/wp-content\/uploads\/2023\/06\/Biennale-212x300.png 212w, https:\/\/www.ecoledelapaix.org\/wordpress\/wp-content\/uploads\/2023\/06\/Biennale-724x1024.png 724w, https:\/\/www.ecoledelapaix.org\/wordpress\/wp-content\/uploads\/2023\/06\/Biennale-768x1086.png 768w, https:\/\/www.ecoledelapaix.org\/wordpress\/wp-content\/uploads\/2023\/06\/Biennale-1086x1536.png 1086w\" data-sizes=\"(max-width: 707px) 100vw, 707px\" src=\"data:image\/svg+xml;base64,PHN2ZyB3aWR0aD0iMSIgaGVpZ2h0PSIxIiB4bWxucz0iaHR0cDovL3d3dy53My5vcmcvMjAwMC9zdmciPjwvc3ZnPg==\" style=\"--smush-placeholder-width: 707px; --smush-placeholder-aspect-ratio: 707\/1000;\" \/><\/figure>\n","protected":false},"excerpt":{"rendered":"","protected":false},"author":4,"featured_media":1298,"comment_status":"closed","ping_status":"closed","sticky":false,"template":"","format":"standard","meta":{"footnotes":""},"categories":[92],"tags":[],"class_list":["post-1292","post","type-post","status-publish","format-standard","has-post-thumbnail","hentry","category-actualite"],"yoast_head":"<!-- This site is optimized with the Yoast SEO plugin v26.3 - https:\/\/yoast.com\/wordpress\/plugins\/seo\/ -->\n<title>La Biennale des villes en transition - Ensemble,<\/title>\n<meta name=\"robots\" content=\"index, follow, max-snippet:-1, max-image-preview:large, max-video-preview:-1\" \/>\n<link rel=\"canonical\" href=\"https:\/\/www.ecoledelapaix.org\/wordpress\/2023\/06\/09\/1292\/\" \/>\n<meta property=\"og:locale\" content=\"fr_FR\" \/>\n<meta property=\"og:type\" content=\"article\" \/>\n<meta property=\"og:title\" content=\"La Biennale des villes en transition - Ensemble,\" \/>\n<meta property=\"og:url\" content=\"https:\/\/www.ecoledelapaix.org\/wordpress\/2023\/06\/09\/1292\/\" \/>\n<meta property=\"og:site_name\" content=\"Ensemble,\" \/>\n<meta property=\"article:published_time\" content=\"2023-06-09T17:47:08+00:00\" \/>\n<meta property=\"article:modified_time\" content=\"2023-06-09T17:55:22+00:00\" \/>\n<meta property=\"og:image\" content=\"https:\/\/www.ecoledelapaix.org\/wordpress\/wp-content\/uploads\/2023\/06\/a-la-Biennale-2.png\" \/>\n\t<meta property=\"og:image:width\" content=\"1067\" \/>\n\t<meta property=\"og:image:height\" content=\"620\" \/>\n\t<meta property=\"og:image:type\" content=\"image\/png\" \/>\n<meta name=\"author\" content=\"Martine Plisson\" \/>\n<meta name=\"twitter:card\" content=\"summary_large_image\" \/>\n<meta name=\"twitter:label1\" content=\"\u00c9crit par\" \/>\n\t<meta name=\"twitter:data1\" content=\"Martine Plisson\" \/>\n\t<meta name=\"twitter:label2\" content=\"Dur\u00e9e de lecture estim\u00e9e\" \/>\n\t<meta name=\"twitter:data2\" content=\"1 minute\" \/>\n<script type=\"application\/ld+json\" class=\"yoast-schema-graph\">{\"@context\":\"https:\/\/schema.org\",\"@graph\":[{\"@type\":\"Article\",\"@id\":\"https:\/\/www.ecoledelapaix.org\/wordpress\/2023\/06\/09\/1292\/#article\",\"isPartOf\":{\"@id\":\"https:\/\/www.ecoledelapaix.org\/wordpress\/2023\/06\/09\/1292\/\"},\"author\":{\"name\":\"Martine Plisson\",\"@id\":\"https:\/\/www.ecoledelapaix.org\/wordpress\/#\/schema\/person\/6ef9bf5b91ce3fe5bc596125bb2f3e4f\"},\"headline\":\"La Biennale des villes en transition\",\"datePublished\":\"2023-06-09T17:47:08+00:00\",\"dateModified\":\"2023-06-09T17:55:22+00:00\",\"mainEntityOfPage\":{\"@id\":\"https:\/\/www.ecoledelapaix.org\/wordpress\/2023\/06\/09\/1292\/\"},\"wordCount\":6,\"publisher\":{\"@id\":\"https:\/\/www.ecoledelapaix.org\/wordpress\/#organization\"},\"image\":{\"@id\":\"https:\/\/www.ecoledelapaix.org\/wordpress\/2023\/06\/09\/1292\/#primaryimage\"},\"thumbnailUrl\":\"https:\/\/www.ecoledelapaix.org\/wordpress\/wp-content\/uploads\/2023\/06\/a-la-Biennale-2.png\",\"articleSection\":[\"Actualit\u00e9s\"],\"inLanguage\":\"fr-FR\"},{\"@type\":\"WebPage\",\"@id\":\"https:\/\/www.ecoledelapaix.org\/wordpress\/2023\/06\/09\/1292\/\",\"url\":\"https:\/\/www.ecoledelapaix.org\/wordpress\/2023\/06\/09\/1292\/\",\"name\":\"La Biennale des villes en transition - Ensemble,\",\"isPartOf\":{\"@id\":\"https:\/\/www.ecoledelapaix.org\/wordpress\/#website\"},\"primaryImageOfPage\":{\"@id\":\"https:\/\/www.ecoledelapaix.org\/wordpress\/2023\/06\/09\/1292\/#primaryimage\"},\"image\":{\"@id\":\"https:\/\/www.ecoledelapaix.org\/wordpress\/2023\/06\/09\/1292\/#primaryimage\"},\"thumbnailUrl\":\"https:\/\/www.ecoledelapaix.org\/wordpress\/wp-content\/uploads\/2023\/06\/a-la-Biennale-2.png\",\"datePublished\":\"2023-06-09T17:47:08+00:00\",\"dateModified\":\"2023-06-09T17:55:22+00:00\",\"breadcrumb\":{\"@id\":\"https:\/\/www.ecoledelapaix.org\/wordpress\/2023\/06\/09\/1292\/#breadcrumb\"},\"inLanguage\":\"fr-FR\",\"potentialAction\":[{\"@type\":\"ReadAction\",\"target\":[\"https:\/\/www.ecoledelapaix.org\/wordpress\/2023\/06\/09\/1292\/\"]}]},{\"@type\":\"ImageObject\",\"inLanguage\":\"fr-FR\",\"@id\":\"https:\/\/www.ecoledelapaix.org\/wordpress\/2023\/06\/09\/1292\/#primaryimage\",\"url\":\"https:\/\/www.ecoledelapaix.org\/wordpress\/wp-content\/uploads\/2023\/06\/a-la-Biennale-2.png\",\"contentUrl\":\"https:\/\/www.ecoledelapaix.org\/wordpress\/wp-content\/uploads\/2023\/06\/a-la-Biennale-2.png\",\"width\":1067,\"height\":620},{\"@type\":\"BreadcrumbList\",\"@id\":\"https:\/\/www.ecoledelapaix.org\/wordpress\/2023\/06\/09\/1292\/#breadcrumb\",\"itemListElement\":[{\"@type\":\"ListItem\",\"position\":1,\"name\":\"Accueil\",\"item\":\"http:\/\/www.ecoledelapaix.org\/wordpress\/\"},{\"@type\":\"ListItem\",\"position\":2,\"name\":\"La Biennale des villes en transition\"}]},{\"@type\":\"WebSite\",\"@id\":\"https:\/\/www.ecoledelapaix.org\/wordpress\/#website\",\"url\":\"https:\/\/www.ecoledelapaix.org\/wordpress\/\",\"name\":\"Ensemble,\",\"description\":\"agissons pour la paix par l&#039;\u00e9ducation\",\"publisher\":{\"@id\":\"https:\/\/www.ecoledelapaix.org\/wordpress\/#organization\"},\"potentialAction\":[{\"@type\":\"SearchAction\",\"target\":{\"@type\":\"EntryPoint\",\"urlTemplate\":\"https:\/\/www.ecoledelapaix.org\/wordpress\/?s={search_term_string}\"},\"query-input\":{\"@type\":\"PropertyValueSpecification\",\"valueRequired\":true,\"valueName\":\"search_term_string\"}}],\"inLanguage\":\"fr-FR\"},{\"@type\":\"Organization\",\"@id\":\"https:\/\/www.ecoledelapaix.org\/wordpress\/#organization\",\"name\":\"\u00c9cole de la paix\",\"url\":\"https:\/\/www.ecoledelapaix.org\/wordpress\/\",\"logo\":{\"@type\":\"ImageObject\",\"inLanguage\":\"fr-FR\",\"@id\":\"https:\/\/www.ecoledelapaix.org\/wordpress\/#\/schema\/logo\/image\/\",\"url\":\"https:\/\/www.ecoledelapaix.org\/wordpress\/wp-content\/uploads\/2022\/01\/cropped-LOGO.png\",\"contentUrl\":\"https:\/\/www.ecoledelapaix.org\/wordpress\/wp-content\/uploads\/2022\/01\/cropped-LOGO.png\",\"width\":200,\"height\":85,\"caption\":\"\u00c9cole de la paix\"},\"image\":{\"@id\":\"https:\/\/www.ecoledelapaix.org\/wordpress\/#\/schema\/logo\/image\/\"}},{\"@type\":\"Person\",\"@id\":\"https:\/\/www.ecoledelapaix.org\/wordpress\/#\/schema\/person\/6ef9bf5b91ce3fe5bc596125bb2f3e4f\",\"name\":\"Martine Plisson\",\"image\":{\"@type\":\"ImageObject\",\"inLanguage\":\"fr-FR\",\"@id\":\"https:\/\/www.ecoledelapaix.org\/wordpress\/#\/schema\/person\/image\/\",\"url\":\"https:\/\/secure.gravatar.com\/avatar\/975997bde2f88be4af1823b3335ebb34cc5d734f7779d5a7b197b41fb91b1cec?s=96&d=mm&r=g\",\"contentUrl\":\"https:\/\/secure.gravatar.com\/avatar\/975997bde2f88be4af1823b3335ebb34cc5d734f7779d5a7b197b41fb91b1cec?s=96&d=mm&r=g\",\"caption\":\"Martine Plisson\"},\"url\":\"https:\/\/www.ecoledelapaix.org\/wordpress\/author\/martinep\/\"}]}<\/script>\n<!-- \/ Yoast SEO plugin. -->","yoast_head_json":{"title":"La Biennale des villes en transition - Ensemble,","robots":{"index":"index","follow":"follow","max-snippet":"max-snippet:-1","max-image-preview":"max-image-preview:large","max-video-preview":"max-video-preview:-1"},"canonical":"https:\/\/www.ecoledelapaix.org\/wordpress\/2023\/06\/09\/1292\/","og_locale":"fr_FR","og_type":"article","og_title":"La Biennale des villes en transition - Ensemble,","og_url":"https:\/\/www.ecoledelapaix.org\/wordpress\/2023\/06\/09\/1292\/","og_site_name":"Ensemble,","article_published_time":"2023-06-09T17:47:08+00:00","article_modified_time":"2023-06-09T17:55:22+00:00","og_image":[{"width":1067,"height":620,"url":"https:\/\/www.ecoledelapaix.org\/wordpress\/wp-content\/uploads\/2023\/06\/a-la-Biennale-2.png","type":"image\/png"}],"author":"Martine Plisson","twitter_card":"summary_large_image","twitter_misc":{"\u00c9crit par":"Martine Plisson","Dur\u00e9e de lecture estim\u00e9e":"1 minute"},"schema":{"@context":"https:\/\/schema.org","@graph":[{"@type":"Article","@id":"https:\/\/www.ecoledelapaix.org\/wordpress\/2023\/06\/09\/1292\/#article","isPartOf":{"@id":"https:\/\/www.ecoledelapaix.org\/wordpress\/2023\/06\/09\/1292\/"},"author":{"name":"Martine Plisson","@id":"https:\/\/www.ecoledelapaix.org\/wordpress\/#\/schema\/person\/6ef9bf5b91ce3fe5bc596125bb2f3e4f"},"headline":"La Biennale des villes en transition","datePublished":"2023-06-09T17:47:08+00:00","dateModified":"2023-06-09T17:55:22+00:00","mainEntityOfPage":{"@id":"https:\/\/www.ecoledelapaix.org\/wordpress\/2023\/06\/09\/1292\/"},"wordCount":6,"publisher":{"@id":"https:\/\/www.ecoledelapaix.org\/wordpress\/#organization"},"image":{"@id":"https:\/\/www.ecoledelapaix.org\/wordpress\/2023\/06\/09\/1292\/#primaryimage"},"thumbnailUrl":"https:\/\/www.ecoledelapaix.org\/wordpress\/wp-content\/uploads\/2023\/06\/a-la-Biennale-2.png","articleSection":["Actualit\u00e9s"],"inLanguage":"fr-FR"},{"@type":"WebPage","@id":"https:\/\/www.ecoledelapaix.org\/wordpress\/2023\/06\/09\/1292\/","url":"https:\/\/www.ecoledelapaix.org\/wordpress\/2023\/06\/09\/1292\/","name":"La Biennale des villes en transition - Ensemble,","isPartOf":{"@id":"https:\/\/www.ecoledelapaix.org\/wordpress\/#website"},"primaryImageOfPage":{"@id":"https:\/\/www.ecoledelapaix.org\/wordpress\/2023\/06\/09\/1292\/#primaryimage"},"image":{"@id":"https:\/\/www.ecoledelapaix.org\/wordpress\/2023\/06\/09\/1292\/#primaryimage"},"thumbnailUrl":"https:\/\/www.ecoledelapaix.org\/wordpress\/wp-content\/uploads\/2023\/06\/a-la-Biennale-2.png","datePublished":"2023-06-09T17:47:08+00:00","dateModified":"2023-06-09T17:55:22+00:00","breadcrumb":{"@id":"https:\/\/www.ecoledelapaix.org\/wordpress\/2023\/06\/09\/1292\/#breadcrumb"},"inLanguage":"fr-FR","potentialAction":[{"@type":"ReadAction","target":["https:\/\/www.ecoledelapaix.org\/wordpress\/2023\/06\/09\/1292\/"]}]},{"@type":"ImageObject","inLanguage":"fr-FR","@id":"https:\/\/www.ecoledelapaix.org\/wordpress\/2023\/06\/09\/1292\/#primaryimage","url":"https:\/\/www.ecoledelapaix.org\/wordpress\/wp-content\/uploads\/2023\/06\/a-la-Biennale-2.png","contentUrl":"https:\/\/www.ecoledelapaix.org\/wordpress\/wp-content\/uploads\/2023\/06\/a-la-Biennale-2.png","width":1067,"height":620},{"@type":"BreadcrumbList","@id":"https:\/\/www.ecoledelapaix.org\/wordpress\/2023\/06\/09\/1292\/#breadcrumb","itemListElement":[{"@type":"ListItem","position":1,"name":"Accueil","item":"http:\/\/www.ecoledelapaix.org\/wordpress\/"},{"@type":"ListItem","position":2,"name":"La Biennale des villes en transition"}]},{"@type":"WebSite","@id":"https:\/\/www.ecoledelapaix.org\/wordpress\/#website","url":"https:\/\/www.ecoledelapaix.org\/wordpress\/","name":"Ensemble,","description":"agissons pour la paix par l&#039;\u00e9ducation","publisher":{"@id":"https:\/\/www.ecoledelapaix.org\/wordpress\/#organization"},"potentialAction":[{"@type":"SearchAction","target":{"@type":"EntryPoint","urlTemplate":"https:\/\/www.ecoledelapaix.org\/wordpress\/?s={search_term_string}"},"query-input":{"@type":"PropertyValueSpecification","valueRequired":true,"valueName":"search_term_string"}}],"inLanguage":"fr-FR"},{"@type":"Organization","@id":"https:\/\/www.ecoledelapaix.org\/wordpress\/#organization","name":"\u00c9cole de la paix","url":"https:\/\/www.ecoledelapaix.org\/wordpress\/","logo":{"@type":"ImageObject","inLanguage":"fr-FR","@id":"https:\/\/www.ecoledelapaix.org\/wordpress\/#\/schema\/logo\/image\/","url":"https:\/\/www.ecoledelapaix.org\/wordpress\/wp-content\/uploads\/2022\/01\/cropped-LOGO.png","contentUrl":"https:\/\/www.ecoledelapaix.org\/wordpress\/wp-content\/uploads\/2022\/01\/cropped-LOGO.png","width":200,"height":85,"caption":"\u00c9cole de la paix"},"image":{"@id":"https:\/\/www.ecoledelapaix.org\/wordpress\/#\/schema\/logo\/image\/"}},{"@type":"Person","@id":"https:\/\/www.ecoledelapaix.org\/wordpress\/#\/schema\/person\/6ef9bf5b91ce3fe5bc596125bb2f3e4f","name":"Martine Plisson","image":{"@type":"ImageObject","inLanguage":"fr-FR","@id":"https:\/\/www.ecoledelapaix.org\/wordpress\/#\/schema\/person\/image\/","url":"https:\/\/secure.gravatar.com\/avatar\/975997bde2f88be4af1823b3335ebb34cc5d734f7779d5a7b197b41fb91b1cec?s=96&d=mm&r=g","contentUrl":"https:\/\/secure.gravatar.com\/avatar\/975997bde2f88be4af1823b3335ebb34cc5d734f7779d5a7b197b41fb91b1cec?s=96&d=mm&r=g","caption":"Martine Plisson"},"url":"https:\/\/www.ecoledelapaix.org\/wordpress\/author\/martinep\/"}]}},"_links":{"self":[{"href":"https:\/\/www.ecoledelapaix.org\/wordpress\/wp-json\/wp\/v2\/posts\/1292","targetHints":{"allow":["GET"]}}],"collection":[{"href":"https:\/\/www.ecoledelapaix.org\/wordpress\/wp-json\/wp\/v2\/posts"}],"about":[{"href":"https:\/\/www.ecoledelapaix.org\/wordpress\/wp-json\/wp\/v2\/types\/post"}],"author":[{"embeddable":true,"href":"https:\/\/www.ecoledelapaix.org\/wordpress\/wp-json\/wp\/v2\/users\/4"}],"replies":[{"embeddable":true,"href":"https:\/\/www.ecoledelapaix.org\/wordpress\/wp-json\/wp\/v2\/comments?post=1292"}],"version-history":[{"count":2,"href":"https:\/\/www.ecoledelapaix.org\/wordpress\/wp-json\/wp\/v2\/posts\/1292\/revisions"}],"predecessor-version":[{"id":1296,"href":"https:\/\/www.ecoledelapaix.org\/wordpress\/wp-json\/wp\/v2\/posts\/1292\/revisions\/1296"}],"wp:featuredmedia":[{"embeddable":true,"href":"https:\/\/www.ecoledelapaix.org\/wordpress\/wp-json\/wp\/v2\/media\/1298"}],"wp:attachment":[{"href":"https:\/\/www.ecoledelapaix.org\/wordpress\/wp-json\/wp\/v2\/media?parent=1292"}],"wp:term":[{"taxonomy":"category","embeddable":true,"href":"https:\/\/www.ecoledelapaix.org\/wordpress\/wp-json\/wp\/v2\/categories?post=1292"},{"taxonomy":"post_tag","embeddable":true,"href":"https:\/\/www.ecoledelapaix.org\/wordpress\/wp-json\/wp\/v2\/tags?post=1292"}],"curies":[{"name":"wp","href":"https:\/\/api.w.org\/{rel}","templated":true}]}}